{"status":"success","contentsList":"{\u0022209\u0022:{\u0022name\u0022:\u0022ROZPOCZ\\u0118CIE ROKU SZKOLNEGO\u0022,\u0022shows\u0022:40},\u0022208\u0022:{\u0022name\u0022:\u0022Rz\\u0105dowy program PRZYJAZNA SZKO\\u0141A\u0022,\u0022shows\u0022:111},\u0022207\u0022:{\u0022name\u0022:\u0022Spotkanie dla rodzic\\u00f3w przysz\\u0142ych pierwszoklasist\\u00f3w\u0022,\u0022shows\u0022:156},\u0022206\u0022:{\u0022name\u0022:\u0022Dzie\\u0144 Pustej Klasy 2026\u0022,\u0022shows\u0022:119},\u0022205\u0022:{\u0022name\u0022:\u0022P\\u00f3\\u0142kolonie letnie\u0022,\u0022shows\u0022:137},\u0022204\u0022:{\u0022name\u0022:\u0022NASZA FLAGA - konkurs\u0022,\u0022shows\u0022:505},\u0022203\u0022:{\u0022name\u0022:\u0022KONSTYTUCJA 3 MAJA\u0022,\u0022shows\u0022:182},\u0022202\u0022:{\u0022name\u0022:\u0022ZAPISY DO KLAS PIERWSZYCH\u0022,\u0022shows\u0022:226},\u0022201\u0022:{\u0022name\u0022:\u0022\\u201eReforma26. Kompas jutra\\u201d\u0022,\u0022shows\u0022:186},\u0022200\u0022:{\u0022name\u0022:\u0022ZAPISY DO KLAS PIERWSZYCH\u0022,\u0022shows\u0022:821},\u0022199\u0022:{\u0022name\u0022:\u0022Pom\\u00f3\\u017c Filipowi w walce z chorob\\u0105\u0022,\u0022shows\u0022:137},\u0022198\u0022:{\u0022name\u0022:\u0022\\u201eBrzydkie kacz\\u0105tko\\u201d w wykonaniu klas 3c i 2b\u0022,\u0022shows\u0022:184},\u0022197\u0022:{\u0022name\u0022:\u0022Wieczornica \\\u0022Anio\\u0142y w sieci\\\u0022\u0022,\u0022shows\u0022:151},\u0022196\u0022:{\u0022name\u0022:\u0022DZIE\\u0143 OTWARTY\u0022,\u0022shows\u0022:181},\u0022195\u0022:{\u0022name\u0022:\u0022FERIE Z PEGAZEM\u0022,\u0022shows\u0022:84},\u0022194\u0022:{\u0022name\u0022:\u0022SZKOLNE KOL\\u0118DOWANIE 2025\u0022,\u0022shows\u0022:158},\u0022193\u0022:{\u0022name\u0022:\u0022SZLACHETNA PACZKA 2025\u0022,\u0022shows\u0022:94},\u0022192\u0022:{\u0022name\u0022:\u0022\\u015bw. Miko\\u0142aj z wizyt\\u0105 w Szpitalu Powiatowym w Dzier\\u017coniowie\u0022,\u0022shows\u0022:147},\u0022191\u0022:{\u0022name\u0022:\u0022\\u015awi\\u0105teczna wizyta pe\\u0142na dobra\u0022,\u0022shows\u0022:146},\u0022190\u0022:{\u0022name\u0022:\u0022\\u015awi\\u0105teczne odwiedziny w naszej szkole\u0022,\u0022shows\u0022:168},\u0022189\u0022:{\u0022name\u0022:\u0022PRZYJAZNA SZKO\\u0141A\u0022,\u0022shows\u0022:182},\u0022188\u0022:{\u0022name\u0022:\u0022NARODOWE \\u015aWI\\u0118TO NIEPODLEG\\u0141O\\u015aCI\u0022,\u0022shows\u0022:189},\u0022187\u0022:{\u0022name\u0022:\u0022SZKO\\u0141A DO HYMNU\u0022,\u0022shows\u0022:105},\u0022186\u0022:{\u0022name\u0022:\u0022POZNAJ DOLNY \\u015aL\\u0104SK\u0022,\u0022shows\u0022:157},\u0022185\u0022:{\u0022name\u0022:\u0022ODBLASKOWA SZKO\\u0141A\u0022,\u0022shows\u0022:259},\u0022184\u0022:{\u0022name\u0022:\u0022PASOWANIE NA UCZNIA\u0022,\u0022shows\u0022:200},\u0022177\u0022:{\u0022name\u0022:\u0022Inauguracja roku szkolnego\u0022,\u0022shows\u0022:269},\u0022174\u0022:{\u0022name\u0022:\u0022Program \\\u0022Trzymaj Form\\u0119!\\\u0022 w SP1\u0022,\u0022shows\u0022:307},\u0022173\u0022:{\u0022name\u0022:\u0022FESTYN RODZINNY W NASZEJ SZKOLE\u0022,\u0022shows\u0022:325},\u0022172\u0022:{\u0022name\u0022:\u0022ZEBRANIE RODZIC\\u00d3W PRZYSZ\\u0141YCH PIERWSZOKLASIST\\u00d3W\u0022,\u0022shows\u0022:278},\u0022170\u0022:{\u0022name\u0022:\u0022Bezp\\u0142atna oferta wsparcia dla rodzic\\u00f3w fundacji \\u017bycie Warte Jest Rozmowy\u0022,\u0022shows\u0022:452},\u0022169\u0022:{\u0022name\u0022:\u0022Dzie\\u0144 Bezpiecznego Internetu\u0022,\u0022shows\u0022:453},\u0022168\u0022:{\u0022name\u0022:\u0022ZAPROSZENIE dla dzieci i m\\u0142odzie\\u017cy na warsztaty z \\\u0022Animacji poklatkowej\\\u0022\u0022,\u0022shows\u0022:408},\u0022166\u0022:{\u0022name\u0022:\u0022Rekrutacja do klas I na rok szkolny 2025\\\/2026\u0022,\u0022shows\u0022:581},\u0022165\u0022:{\u0022name\u0022:\u0022ZAPISY DO KLAS PIERWSZYCH SPOZA REJONU\u0022,\u0022shows\u0022:409},\u0022163\u0022:{\u0022name\u0022:\u0022SAFE \u0026 SMART\u0022,\u0022shows\u0022:264},\u0022162\u0022:{\u0022name\u0022:\u0022eTwinning\u0022,\u0022shows\u0022:447},\u0022160\u0022:{\u0022name\u0022:\u0022ZAPISY DO KLAS PIERWSZYCH Z REJONU\u0022,\u0022shows\u0022:515},\u0022159\u0022:{\u0022name\u0022:\u0022Pomoc dla Filipa\u0022,\u0022shows\u0022:600},\u0022158\u0022:{\u0022name\u0022:\u0022POPO\\u0141UDNIE Z JEDYNK\\u0104\u0022,\u0022shows\u0022:449},\u0022137\u0022:{\u0022name\u0022:\u0022Szkolne kol\\u0119dowanie\u0022,\u0022shows\u0022:480},\u0022136\u0022:{\u0022name\u0022:\u0022\\u015awi\\u0119to Patrona Szko\\u0142y\u0022,\u0022shows\u0022:439},\u0022135\u0022:{\u0022name\u0022:\u0022Korow\\u00f3d \\u015bwi\\u0105teczny\u0022,\u0022shows\u0022:440},\u0022134\u0022:{\u0022name\u0022:\u0022Ratujemy i Uczymy Ratowa\\u0107\u0022,\u0022shows\u0022:280},\u0022133\u0022:{\u0022name\u0022:\u0022SZLACHETNA PACZKA\u0022,\u0022shows\u0022:472},\u0022132\u0022:{\u0022name\u0022:\u0022Narodowe \\u015awi\\u0119to Niepodleg\\u0142o\\u015bci\u0022,\u0022shows\u0022:462},\u0022131\u0022:{\u0022name\u0022:\u0022DOLNOSL\\u0104SKI FESTIWAL NAUKI\u0022,\u0022shows\u0022:472},\u0022129\u0022:{\u0022name\u0022:\u0022PASOWANIE NA UCZNIA\u0022,\u0022shows\u0022:466},\u0022128\u0022:{\u0022name\u0022:\u0022TYDZIE\\u0143 UCZNIOWSKIEJ SUPERMOCY\u0022,\u0022shows\u0022:433},\u0022127\u0022:{\u0022name\u0022:\u0022KONW\\u00d3J DLA POWODZIAN\u0022,\u0022shows\u0022:225},\u0022126\u0022:{\u0022name\u0022:\u0022DZIE\\u0143 NAUCZYCIELA\u0022,\u0022shows\u0022:445},\u0022125\u0022:{\u0022name\u0022:\u0022Pomoc dla powodzian\u0022,\u0022shows\u0022:246},\u0022124\u0022:{\u0022name\u0022:\u0022Tydzie\\u0144 szcz\\u0119\\u015bcia\u0022,\u0022shows\u0022:447},\u0022122\u0022:{\u0022name\u0022:\u0022Akademia uwa\\u017cnego rodzica Forum Przeciw Depresji\u0022,\u0022shows\u0022:512},\u0022121\u0022:{\u0022name\u0022:\u0022Bezp\\u0142atna pomoc psychologiczna \\\u0022RAZEM \\u0141ATWIEJ\\\u0022\u0022,\u0022shows\u0022:509},\u0022119\u0022:{\u0022name\u0022:\u0022TALENCIAKI\u0022,\u0022shows\u0022:485},\u0022118\u0022:{\u0022name\u0022:\u0022Narodowe Czytanie\u0022,\u0022shows\u0022:440},\u0022114\u0022:{\u0022name\u0022:\u0022ROZPOCZ\\u0118CIE ROKU SZKOLNEGO\u0022,\u0022shows\u0022:528},\u0022109\u0022:{\u0022name\u0022:\u0022Tydzie\\u0144 Czytania Dzieciom\u0022,\u0022shows\u0022:260},\u0022108\u0022:{\u0022name\u0022:\u0022EkoPOWIAT\u0022,\u0022shows\u0022:557},\u0022104\u0022:{\u0022name\u0022:\u0022\\u201eEkoPowiat \\u2013 ekologiczna edukacja mi\\u0119dzypokoleniowa w Powiecie Dzier\\u017coniowskim\\u201d\u0022,\u0022shows\u0022:484},\u0022103\u0022:{\u0022name\u0022:\u0022Program \\\u0022Aktywna Szko\\u0142a\\\u0022\u0022,\u0022shows\u0022:495},\u0022102\u0022:{\u0022name\u0022:\u0022NAJLEPSZA BIBLIOTEKA W POLSCE - plebiscyt czytelnik\\u00f3w\u0022,\u0022shows\u0022:546},\u0022101\u0022:{\u0022name\u0022:\u0022DLA LAURY\u0022,\u0022shows\u0022:488},\u0022100\u0022:{\u0022name\u0022:\u0022Dzie\\u0144 Bezpiecznego Internetu\u0022,\u0022shows\u0022:463},\u002298\u0022:{\u0022name\u0022:\u002232. fina\\u0142 WO\\u015aP\u0022,\u0022shows\u0022:468},\u002296\u0022:{\u0022name\u0022:\u0022Szkole kol\\u0119dowanie\u0022,\u0022shows\u0022:461},\u002295\u0022:{\u0022name\u0022:\u0022Szlachetna Paczka\u0022,\u0022shows\u0022:458},\u002291\u0022:{\u0022name\u0022:\u0022Apel z okazji \\u015awi\\u0119ta Szko\\u0142y\u0022,\u0022shows\u0022:470},\u002290\u0022:{\u0022name\u0022:\u0022Wieczornica z okazji setnej rocznicy urodzin Wis\\u0142awy Szymborskiej\u0022,\u0022shows\u0022:473},\u002289\u0022:{\u0022name\u0022:\u0022\\\u0022Ma\\u0142a ksi\\u0105\\u017cka - wielki cz\\u0142owiek\\\u0022\u0022,\u0022shows\u0022:484},\u002282\u0022:{\u0022name\u0022:\u0022#SZKO\\u0141A DO HYMNU\u0022,\u0022shows\u0022:496},\u002267\u0022:{\u0022name\u0022:\u0022POPO\\u0141UDNIE Z JEDYNK\\u0104\u0022,\u0022shows\u0022:474},\u002253\u0022:{\u0022name\u0022:\u0022JESIENNE INSPIRACJE W 3B\u0022,\u0022shows\u0022:441},\u002252\u0022:{\u0022name\u0022:\u0022\\u015aWIETLICA\u0022,\u0022shows\u0022:452},\u002251\u0022:{\u0022name\u0022:\u0022PASOWANIE NA UCZNIA\u0022,\u0022shows\u0022:508},\u002250\u0022:{\u0022name\u0022:\u0022ZAJ\\u0118CIA KREATYWNE Z BIOLOGII\u0022,\u0022shows\u0022:475},\u002249\u0022:{\u0022name\u0022:\u0022WARSZTATY \\u017bYWIENIOWE\u0022,\u0022shows\u0022:185},\u002248\u0022:{\u0022name\u0022:\u0022#SZKO\\u0141A PAMI\\u0118TA\u0022,\u0022shows\u0022:463}}","message":"\u003Cul class=\u0022contents-list\u0022\u003E\u003Cli class=\u0022contents-list-item\u0022\u003EROZPOCZ\u0118CIE ROKU SZKOLNEGO (\u003Cspan class=\u0022stats-count\u0022\u003E40\u003C\/span\u003E)\u003C\/li\u003E\u003Cli class=\u0022contents-list-item\u0022\u003ERz\u0105dowy program PRZYJAZNA SZKO\u0141A (\u003Cspan class=\u0022stats-count\u0022\u003E111\u003C\/span\u003E)\u003C\/li\u003E\u003Cli class=\u0022contents-list-item\u0022\u003ESpotkanie dla rodzic\u00f3w przysz\u0142ych pierwszoklasist\u00f3w (\u003Cspan class=\u0022stats-count\u0022\u003E156\u003C\/span\u003E)\u003C\/li\u003E\u003Cli class=\u0022contents-list-item\u0022\u003EDzie\u0144 Pustej Klasy 2026 (\u003Cspan class=\u0022stats-count\u0022\u003E119\u003C\/span\u003E)\u003C\/li\u003E\u003Cli class=\u0022contents-list-item\u0022\u003EP\u00f3\u0142kolonie letnie (\u003Cspan class=\u0022stats-count\u0022\u003E137\u003C\/span\u003E)\u003C\/li\u003E\u003Cli class=\u0022contents-list-item\u0022\u003ENASZA FLAGA - konkurs (\u003Cspan class=\u0022stats-count\u0022\u003E505\u003C\/span\u003E)\u003C\/li\u003E\u003Cli class=\u0022contents-list-item\u0022\u003EKONSTYTUCJA 3 MAJA (\u003Cspan class=\u0022stats-count\u0022\u003E182\u003C\/span\u003E)\u003C\/li\u003E\u003Cli class=\u0022contents-list-item\u0022\u003EZAPISY DO KLAS PIERWSZYCH (\u003Cspan class=\u0022stats-count\u0022\u003E226\u003C\/span\u003E)\u003C\/li\u003E\u003Cli class=\u0022contents-list-item\u0022\u003E\u201eReforma26. Kompas jutra\u201d (\u003Cspan class=\u0022stats-count\u0022\u003E186\u003C\/span\u003E)\u003C\/li\u003E\u003Cli class=\u0022contents-list-item\u0022\u003EZAPISY DO KLAS PIERWSZYCH (\u003Cspan class=\u0022stats-count\u0022\u003E821\u003C\/span\u003E)\u003C\/li\u003E\u003Cli class=\u0022contents-list-item\u0022\u003EPom\u00f3\u017c Filipowi w walce z chorob\u0105 (\u003Cspan class=\u0022stats-count\u0022\u003E137\u003C\/span\u003E)\u003C\/li\u003E\u003Cli class=\u0022contents-list-item\u0022\u003E\u201eBrzydkie kacz\u0105tko\u201d w wykonaniu klas 3c i 2b (\u003Cspan class=\u0022stats-count\u0022\u003E184\u003C\/span\u003E)\u003C\/li\u003E\u003Cli class=\u0022contents-list-item\u0022\u003EWieczornica \u0022Anio\u0142y w sieci\u0022 (\u003Cspan class=\u0022stats-count\u0022\u003E151\u003C\/span\u003E)\u003C\/li\u003E\u003Cli class=\u0022contents-list-item\u0022\u003EDZIE\u0143 OTWARTY (\u003Cspan class=\u0022stats-count\u0022\u003E181\u003C\/span\u003E)\u003C\/li\u003E\u003Cli class=\u0022contents-list-item\u0022\u003EFERIE Z PEGAZEM (\u003Cspan class=\u0022stats-count\u0022\u003E84\u003C\/span\u003E)\u003C\/li\u003E\u003Cli class=\u0022contents-list-item\u0022\u003ESZKOLNE KOL\u0118DOWANIE 2025 (\u003Cspan class=\u0022stats-count\u0022\u003E158\u003C\/span\u003E)\u003C\/li\u003E\u003Cli class=\u0022contents-list-item\u0022\u003ESZLACHETNA PACZKA 2025 (\u003Cspan class=\u0022stats-count\u0022\u003E94\u003C\/span\u003E)\u003C\/li\u003E\u003Cli class=\u0022contents-list-item\u0022\u003E\u015bw. Miko\u0142aj z wizyt\u0105 w Szpitalu Powiatowym w Dzier\u017coniowie (\u003Cspan class=\u0022stats-count\u0022\u003E147\u003C\/span\u003E)\u003C\/li\u003E\u003Cli class=\u0022contents-list-item\u0022\u003E\u015awi\u0105teczna wizyta pe\u0142na dobra (\u003Cspan class=\u0022stats-count\u0022\u003E146\u003C\/span\u003E)\u003C\/li\u003E\u003Cli class=\u0022contents-list-item\u0022\u003E\u015awi\u0105teczne odwiedziny w naszej szkole (\u003Cspan class=\u0022stats-count\u0022\u003E168\u003C\/span\u003E)\u003C\/li\u003E\u003Cli class=\u0022contents-list-item\u0022\u003EPRZYJAZNA SZKO\u0141A (\u003Cspan class=\u0022stats-count\u0022\u003E182\u003C\/span\u003E)\u003C\/li\u003E\u003Cli class=\u0022contents-list-item\u0022\u003ENARODOWE \u015aWI\u0118TO NIEPODLEG\u0141O\u015aCI (\u003Cspan class=\u0022stats-count\u0022\u003E189\u003C\/span\u003E)\u003C\/li\u003E\u003Cli class=\u0022contents-list-item\u0022\u003ESZKO\u0141A DO HYMNU (\u003Cspan class=\u0022stats-count\u0022\u003E105\u003C\/span\u003E)\u003C\/li\u003E\u003Cli class=\u0022contents-list-item\u0022\u003EPOZNAJ DOLNY \u015aL\u0104SK (\u003Cspan class=\u0022stats-count\u0022\u003E157\u003C\/span\u003E)\u003C\/li\u003E\u003Cli class=\u0022contents-list-item\u0022\u003EODBLASKOWA SZKO\u0141A (\u003Cspan class=\u0022stats-count\u0022\u003E259\u003C\/span\u003E)\u003C\/li\u003E\u003Cli class=\u0022contents-list-item\u0022\u003EPASOWANIE NA UCZNIA (\u003Cspan class=\u0022stats-count\u0022\u003E200\u003C\/span\u003E)\u003C\/li\u003E\u003Cli class=\u0022contents-list-item\u0022\u003EInauguracja roku szkolnego (\u003Cspan class=\u0022stats-count\u0022\u003E269\u003C\/span\u003E)\u003C\/li\u003E\u003Cli class=\u0022contents-list-item\u0022\u003EProgram \u0022Trzymaj Form\u0119!\u0022 w SP1 (\u003Cspan class=\u0022stats-count\u0022\u003E307\u003C\/span\u003E)\u003C\/li\u003E\u003Cli class=\u0022contents-list-item\u0022\u003EFESTYN RODZINNY W NASZEJ SZKOLE (\u003Cspan class=\u0022stats-count\u0022\u003E325\u003C\/span\u003E)\u003C\/li\u003E\u003Cli class=\u0022contents-list-item\u0022\u003EZEBRANIE RODZIC\u00d3W PRZYSZ\u0141YCH PIERWSZOKLASIST\u00d3W (\u003Cspan class=\u0022stats-count\u0022\u003E278\u003C\/span\u003E)\u003C\/li\u003E\u003Cli class=\u0022contents-list-item\u0022\u003EBezp\u0142atna oferta wsparcia dla rodzic\u00f3w fundacji \u017bycie Warte Jest Rozmowy (\u003Cspan class=\u0022stats-count\u0022\u003E452\u003C\/span\u003E)\u003C\/li\u003E\u003Cli class=\u0022contents-list-item\u0022\u003EDzie\u0144 Bezpiecznego Internetu (\u003Cspan class=\u0022stats-count\u0022\u003E453\u003C\/span\u003E)\u003C\/li\u003E\u003Cli class=\u0022contents-list-item\u0022\u003EZAPROSZENIE dla dzieci i m\u0142odzie\u017cy na warsztaty z \u0022Animacji poklatkowej\u0022 (\u003Cspan class=\u0022stats-count\u0022\u003E408\u003C\/span\u003E)\u003C\/li\u003E\u003Cli class=\u0022contents-list-item\u0022\u003ERekrutacja do klas I na rok szkolny 2025\/2026 (\u003Cspan class=\u0022stats-count\u0022\u003E581\u003C\/span\u003E)\u003C\/li\u003E\u003Cli class=\u0022contents-list-item\u0022\u003EZAPISY DO KLAS PIERWSZYCH SPOZA REJONU (\u003Cspan class=\u0022stats-count\u0022\u003E409\u003C\/span\u003E)\u003C\/li\u003E\u003Cli class=\u0022contents-list-item\u0022\u003ESAFE \u0026 SMART (\u003Cspan class=\u0022stats-count\u0022\u003E264\u003C\/span\u003E)\u003C\/li\u003E\u003Cli class=\u0022contents-list-item\u0022\u003EeTwinning (\u003Cspan class=\u0022stats-count\u0022\u003E447\u003C\/span\u003E)\u003C\/li\u003E\u003Cli class=\u0022contents-list-item\u0022\u003EZAPISY DO KLAS PIERWSZYCH Z REJONU (\u003Cspan class=\u0022stats-count\u0022\u003E515\u003C\/span\u003E)\u003C\/li\u003E\u003Cli class=\u0022contents-list-item\u0022\u003EPomoc dla Filipa (\u003Cspan class=\u0022stats-count\u0022\u003E600\u003C\/span\u003E)\u003C\/li\u003E\u003Cli class=\u0022contents-list-item\u0022\u003EPOPO\u0141UDNIE Z JEDYNK\u0104 (\u003Cspan class=\u0022stats-count\u0022\u003E449\u003C\/span\u003E)\u003C\/li\u003E\u003Cli class=\u0022contents-list-item\u0022\u003ESzkolne kol\u0119dowanie (\u003Cspan class=\u0022stats-count\u0022\u003E480\u003C\/span\u003E)\u003C\/li\u003E\u003Cli class=\u0022contents-list-item\u0022\u003E\u015awi\u0119to Patrona Szko\u0142y (\u003Cspan class=\u0022stats-count\u0022\u003E439\u003C\/span\u003E)\u003C\/li\u003E\u003Cli class=\u0022contents-list-item\u0022\u003EKorow\u00f3d \u015bwi\u0105teczny (\u003Cspan class=\u0022stats-count\u0022\u003E440\u003C\/span\u003E)\u003C\/li\u003E\u003Cli class=\u0022contents-list-item\u0022\u003ERatujemy i Uczymy Ratowa\u0107 (\u003Cspan class=\u0022stats-count\u0022\u003E280\u003C\/span\u003E)\u003C\/li\u003E\u003Cli class=\u0022contents-list-item\u0022\u003ESZLACHETNA PACZKA (\u003Cspan class=\u0022stats-count\u0022\u003E472\u003C\/span\u003E)\u003C\/li\u003E\u003Cli class=\u0022contents-list-item\u0022\u003ENarodowe \u015awi\u0119to Niepodleg\u0142o\u015bci (\u003Cspan class=\u0022stats-count\u0022\u003E462\u003C\/span\u003E)\u003C\/li\u003E\u003Cli class=\u0022contents-list-item\u0022\u003EDOLNOSL\u0104SKI FESTIWAL NAUKI (\u003Cspan class=\u0022stats-count\u0022\u003E472\u003C\/span\u003E)\u003C\/li\u003E\u003Cli class=\u0022contents-list-item\u0022\u003EPASOWANIE NA UCZNIA (\u003Cspan class=\u0022stats-count\u0022\u003E466\u003C\/span\u003E)\u003C\/li\u003E\u003Cli class=\u0022contents-list-item\u0022\u003ETYDZIE\u0143 UCZNIOWSKIEJ SUPERMOCY (\u003Cspan class=\u0022stats-count\u0022\u003E433\u003C\/span\u003E)\u003C\/li\u003E\u003Cli class=\u0022contents-list-item\u0022\u003EKONW\u00d3J DLA POWODZIAN (\u003Cspan class=\u0022stats-count\u0022\u003E225\u003C\/span\u003E)\u003C\/li\u003E\u003Cli class=\u0022contents-list-item\u0022\u003EDZIE\u0143 NAUCZYCIELA (\u003Cspan class=\u0022stats-count\u0022\u003E445\u003C\/span\u003E)\u003C\/li\u003E\u003Cli class=\u0022contents-list-item\u0022\u003EPomoc dla powodzian (\u003Cspan class=\u0022stats-count\u0022\u003E246\u003C\/span\u003E)\u003C\/li\u003E\u003Cli class=\u0022contents-list-item\u0022\u003ETydzie\u0144 szcz\u0119\u015bcia (\u003Cspan class=\u0022stats-count\u0022\u003E447\u003C\/span\u003E)\u003C\/li\u003E\u003Cli class=\u0022contents-list-item\u0022\u003EAkademia uwa\u017cnego rodzica Forum Przeciw Depresji (\u003Cspan class=\u0022stats-count\u0022\u003E512\u003C\/span\u003E)\u003C\/li\u003E\u003Cli class=\u0022contents-list-item\u0022\u003EBezp\u0142atna pomoc psychologiczna \u0022RAZEM \u0141ATWIEJ\u0022 (\u003Cspan class=\u0022stats-count\u0022\u003E509\u003C\/span\u003E)\u003C\/li\u003E\u003Cli class=\u0022contents-list-item\u0022\u003ETALENCIAKI (\u003Cspan class=\u0022stats-count\u0022\u003E485\u003C\/span\u003E)\u003C\/li\u003E\u003Cli class=\u0022contents-list-item\u0022\u003ENarodowe Czytanie (\u003Cspan class=\u0022stats-count\u0022\u003E440\u003C\/span\u003E)\u003C\/li\u003E\u003Cli class=\u0022contents-list-item\u0022\u003EROZPOCZ\u0118CIE ROKU SZKOLNEGO (\u003Cspan class=\u0022stats-count\u0022\u003E528\u003C\/span\u003E)\u003C\/li\u003E\u003Cli class=\u0022contents-list-item\u0022\u003ETydzie\u0144 Czytania Dzieciom (\u003Cspan class=\u0022stats-count\u0022\u003E260\u003C\/span\u003E)\u003C\/li\u003E\u003Cli class=\u0022contents-list-item\u0022\u003EEkoPOWIAT (\u003Cspan class=\u0022stats-count\u0022\u003E557\u003C\/span\u003E)\u003C\/li\u003E\u003Cli class=\u0022contents-list-item\u0022\u003E\u201eEkoPowiat \u2013 ekologiczna edukacja mi\u0119dzypokoleniowa w Powiecie Dzier\u017coniowskim\u201d (\u003Cspan class=\u0022stats-count\u0022\u003E484\u003C\/span\u003E)\u003C\/li\u003E\u003Cli class=\u0022contents-list-item\u0022\u003EProgram \u0022Aktywna Szko\u0142a\u0022 (\u003Cspan class=\u0022stats-count\u0022\u003E495\u003C\/span\u003E)\u003C\/li\u003E\u003Cli class=\u0022contents-list-item\u0022\u003ENAJLEPSZA BIBLIOTEKA W POLSCE - plebiscyt czytelnik\u00f3w (\u003Cspan class=\u0022stats-count\u0022\u003E546\u003C\/span\u003E)\u003C\/li\u003E\u003Cli class=\u0022contents-list-item\u0022\u003EDLA LAURY (\u003Cspan class=\u0022stats-count\u0022\u003E488\u003C\/span\u003E)\u003C\/li\u003E\u003Cli class=\u0022contents-list-item\u0022\u003EDzie\u0144 Bezpiecznego Internetu (\u003Cspan class=\u0022stats-count\u0022\u003E463\u003C\/span\u003E)\u003C\/li\u003E\u003Cli class=\u0022contents-list-item\u0022\u003E32. fina\u0142 WO\u015aP (\u003Cspan class=\u0022stats-count\u0022\u003E468\u003C\/span\u003E)\u003C\/li\u003E\u003Cli class=\u0022contents-list-item\u0022\u003ESzkole kol\u0119dowanie (\u003Cspan class=\u0022stats-count\u0022\u003E461\u003C\/span\u003E)\u003C\/li\u003E\u003Cli class=\u0022contents-list-item\u0022\u003ESzlachetna Paczka (\u003Cspan class=\u0022stats-count\u0022\u003E458\u003C\/span\u003E)\u003C\/li\u003E\u003Cli class=\u0022contents-list-item\u0022\u003EApel z okazji \u015awi\u0119ta Szko\u0142y (\u003Cspan class=\u0022stats-count\u0022\u003E470\u003C\/span\u003E)\u003C\/li\u003E\u003Cli class=\u0022contents-list-item\u0022\u003EWieczornica z okazji setnej rocznicy urodzin Wis\u0142awy Szymborskiej (\u003Cspan class=\u0022stats-count\u0022\u003E473\u003C\/span\u003E)\u003C\/li\u003E\u003Cli class=\u0022contents-list-item\u0022\u003E\u0022Ma\u0142a ksi\u0105\u017cka - wielki cz\u0142owiek\u0022 (\u003Cspan class=\u0022stats-count\u0022\u003E484\u003C\/span\u003E)\u003C\/li\u003E\u003Cli class=\u0022contents-list-item\u0022\u003E#SZKO\u0141A DO HYMNU (\u003Cspan class=\u0022stats-count\u0022\u003E496\u003C\/span\u003E)\u003C\/li\u003E\u003Cli class=\u0022contents-list-item\u0022\u003EPOPO\u0141UDNIE Z JEDYNK\u0104 (\u003Cspan class=\u0022stats-count\u0022\u003E474\u003C\/span\u003E)\u003C\/li\u003E\u003Cli class=\u0022contents-list-item\u0022\u003EJESIENNE INSPIRACJE W 3B (\u003Cspan class=\u0022stats-count\u0022\u003E441\u003C\/span\u003E)\u003C\/li\u003E\u003Cli class=\u0022contents-list-item\u0022\u003E\u015aWIETLICA (\u003Cspan class=\u0022stats-count\u0022\u003E452\u003C\/span\u003E)\u003C\/li\u003E\u003Cli class=\u0022contents-list-item\u0022\u003EPASOWANIE NA UCZNIA (\u003Cspan class=\u0022stats-count\u0022\u003E508\u003C\/span\u003E)\u003C\/li\u003E\u003Cli class=\u0022contents-list-item\u0022\u003EZAJ\u0118CIA KREATYWNE Z BIOLOGII (\u003Cspan class=\u0022stats-count\u0022\u003E475\u003C\/span\u003E)\u003C\/li\u003E\u003Cli class=\u0022contents-list-item\u0022\u003EWARSZTATY \u017bYWIENIOWE (\u003Cspan class=\u0022stats-count\u0022\u003E185\u003C\/span\u003E)\u003C\/li\u003E\u003Cli class=\u0022contents-list-item\u0022\u003E#SZKO\u0141A PAMI\u0118TA (\u003Cspan class=\u0022stats-count\u0022\u003E463\u003C\/span\u003E)\u003C\/li\u003E\u003C\/ul\u003E"}